{"id":186,"date":"2023-09-11T07:32:17","date_gmt":"2023-09-11T07:32:17","guid":{"rendered":"https:\/\/kmg.ee\/katenditood-uus\/?p=186"},"modified":"2023-09-11T07:58:43","modified_gmt":"2023-09-11T07:58:43","slug":"kmg-ou-masinapark-taienes-uue-frontaallaaduriga-volvo-l220h-nimeks-sai-liisu","status":"publish","type":"post","link":"https:\/\/kmg.ee\/katenditood\/uudised\/kmg-ou-masinapark-taienes-uue-frontaallaaduriga-volvo-l220h-nimeks-sai-liisu\/","title":{"rendered":"KMG O\u00dc masinapark t\u00e4ienes uue frontaallaaduriga Volvo L220H nimeks sai \u201cLiisu\u201d"},"content":{"rendered":"\n<p class=\"wp-el\">KMG O\u00dc masinapark t\u00e4ienes uue 5,8 m3 kopamahuga frontaallaaduriga Volvo L220H, milline asendab M\u00e4nniku liivakarj\u00e4\u00e4ris t\u00f6\u00f6tavat 21 aastat vana v\u00e4\u00e4rikat t\u00f6\u00f6looma Volvo L220E, kelle saadame auga v\u00e4ljateenitud vanaduspensionile.<\/p>\n\n\n\n<p class=\"wp-el\">Uus laadur sai omale kohase tubli ja t\u00f6\u00f6ka eesti maanaise nime \u201eLiisu\u201c kelle jaoks ei ole \u00fchegi koorma laadimine \u00fcletamatu.<\/p>\n\n\n\n<p class=\"wp-el\">Uus H-seeria L220 on t\u00f5husam, produktiivsem ja intelligentsem kui vanema seeria masinad. T\u00e4nu v\u00f5imsale mootorile ja teise p\u00f5lvkonna OptiShift k\u00e4igukastile ning uuele kuivale seisupidurile saavutatakse kuni 15% suurem k\u00fctuses\u00e4\u00e4stlikkus.<\/p>\n\n\n\n<p class=\"wp-el\">Tootlikkuse suurendamiseks kuni 10% on L220H t\u00e4iendatud k\u00e4igukasti uue h\u00fcdrotrafoga ning muudetud on \u00fclekandearvu. R\u00f5\u00f5mustame ja soovime pikka iga meie uuele t\u00f5husale abimehele!<\/p>\n\n\n\n<figure class=\"wp-block-gallery has-nested-images columns-4 is-cropped wp-block-gallery-1 is-layout-flex wp-block-gallery-is-layout-flex\">\n<figure class=\"wp-block-image size-large\"><img decoding=\"async\" width=\"749\" height=\"1200\" data-id=\"201\" src=\"https:\/\/kmg.ee\/katenditood\/wp-content\/uploads\/2023\/09\/Volvo-L220H_Liisu5-2-749x1200.jpg\" alt=\"\" class=\"wp-image-201\" srcset=\"https:\/\/kmg.ee\/katenditood\/wp-content\/uploads\/2023\/09\/Volvo-L220H_Liisu5-2-749x1200.jpg 749w, https:\/\/kmg.ee\/katenditood\/wp-content\/uploads\/2023\/09\/Volvo-L220H_Liisu5-2-62x100.jpg 62w, https:\/\/kmg.ee\/katenditood\/wp-content\/uploads\/2023\/09\/Volvo-L220H_Liisu5-2.jpg 1391w\" sizes=\"(max-width: 749px) 100vw, 749px\" \/><\/figure>\n\n\n\n<figure class=\"wp-block-image size-large\"><img decoding=\"async\" width=\"940\" height=\"1200\" data-id=\"199\" src=\"https:\/\/kmg.ee\/katenditood\/wp-content\/uploads\/2023\/09\/Volvo-L220H_Liisu4-1-940x1200.jpg\" alt=\"\" class=\"wp-image-199\" srcset=\"https:\/\/kmg.ee\/katenditood\/wp-content\/uploads\/2023\/09\/Volvo-L220H_Liisu4-1-940x1200.jpg 940w, https:\/\/kmg.ee\/katenditood\/wp-content\/uploads\/2023\/09\/Volvo-L220H_Liisu4-1-78x100.jpg 78w, https:\/\/kmg.ee\/katenditood\/wp-content\/uploads\/2023\/09\/Volvo-L220H_Liisu4-1-scaled.jpg 2005w\" sizes=\"(max-width: 940px) 100vw, 940px\" \/><\/figure>\n\n\n\n<figure class=\"wp-block-image size-large\"><img decoding=\"async\" width=\"1200\" height=\"738\" data-id=\"207\" src=\"https:\/\/kmg.ee\/katenditood\/wp-content\/uploads\/2023\/09\/Volvo-L220H_Liisu2-1200x738.jpg\" alt=\"\" class=\"wp-image-207\" srcset=\"https:\/\/kmg.ee\/katenditood\/wp-content\/uploads\/2023\/09\/Volvo-L220H_Liisu2-1200x738.jpg 1200w, https:\/\/kmg.ee\/katenditood\/wp-content\/uploads\/2023\/09\/Volvo-L220H_Liisu2-100x61.jpg 100w\" sizes=\"(max-width: 1200px) 100vw, 1200px\" \/><\/figure>\n\n\n\n<figure class=\"wp-block-image size-large\"><img decoding=\"async\" width=\"1200\" height=\"640\" data-id=\"205\" src=\"https:\/\/kmg.ee\/katenditood\/wp-content\/uploads\/2023\/09\/Volvo-L220H_Liisu1-1200x640.jpg\" alt=\"\" class=\"wp-image-205\" srcset=\"https:\/\/kmg.ee\/katenditood\/wp-content\/uploads\/2023\/09\/Volvo-L220H_Liisu1-1200x640.jpg 1200w, https:\/\/kmg.ee\/katenditood\/wp-content\/uploads\/2023\/09\/Volvo-L220H_Liisu1-100x53.jpg 100w, https:\/\/kmg.ee\/katenditood\/wp-content\/uploads\/2023\/09\/Volvo-L220H_Liisu1.jpg 1623w\" sizes=\"(max-width: 1200px) 100vw, 1200px\" \/><\/figure>\n<\/figure>\n\n\n\n<div data-fullscreen=\"disabled\" data-mode=\"normal\" data-provider=\"html5\" data-reset-after-played id=\"arve-html5-\" class=\"arve\" class=\"wp-block-nextgenthemes-arve-block\">\n\t<div class=\"arve-inner\">\n\t\t<div class=\"arve-embed\">\n\t\t\t<video class=\"arve-video fitvidsignore\" controls controlslist=\"\" data-arve=\"arve-html5-\" onloadstart=\"this.volume=1\" poster=\"https:\/\/kmg.ee\/katenditood\/wp-content\/uploads\/2023\/09\/Volvo-L220H_Liisu3-scaled.jpg\" preload=\"metadata\"><source type=\"video\/mp4\" src=\"https:\/\/kmg.ee\/katenditood\/wp-content\/uploads\/2023\/09\/Volvo-L220H_Liisu6-1.mp4#t=0.1\"><\/video>\n\t\t\t\n\t\t<\/div>\n\t\t\n\t<\/div>\n\t\n\t\n\t<script type=\"application\/ld+json\">{\"@context\":\"http:\\\/\\\/schema.org\\\/\",\"@id\":\"https:\\\/\\\/kmg.ee\\\/katenditood\\\/uudised\\\/kmg-ou-masinapark-taienes-uue-frontaallaaduriga-volvo-l220h-nimeks-sai-liisu\\\/#arve-html5-\",\"type\":\"VideoObject\",\"contentURL\":\"https:\\\/\\\/kmg.ee\\\/katenditood\\\/wp-content\\\/uploads\\\/2023\\\/09\\\/Volvo-L220H_Liisu6-1.mp4\",\"name\":\"KMG O\\u00dc masinapark t\\u00e4ienes uue frontaallaaduriga Volvo L220H nimeks sai \\u201cLiisu\\u201d\",\"thumbnailUrl\":\"https:\\\/\\\/kmg.ee\\\/katenditood\\\/wp-content\\\/uploads\\\/2023\\\/09\\\/Volvo-L220H_Liisu3-scaled.jpg\",\"uploadDate\":\"2026-04-28T01:31:55+00:00\",\"description\":\"KMG O\\u00dc masinapark t\\u00e4ienes uue 5,8 m3 kopamahuga frontaallaaduriga Volvo L220H, milline asendab M\\u00e4nniku liivakarj\\u00e4\\u00e4ris t\\u00f6\\u00f6tavat 21 aastat vana v\\u00e4\\u00e4rikat t\\u00f6\\u00f6looma Volvo L220E, kelle saadame auga v\\u00e4ljateenitud vanaduspensionile. Uus laadur sai omale kohase tubli ja t\\u00f6\\u00f6ka eesti maanaise nime \\u201eLiisu\\u201c kell\"}<\/script>\n\t\n<\/div>","protected":false},"excerpt":{"rendered":"<p>KMG O\u00dc masinapark t\u00e4ienes uue 5,8 m3 kopamahuga frontaallaaduriga Volvo L220H, milline asendab M\u00e4nniku liivakarj\u00e4\u00e4ris t\u00f6\u00f6tavat 21 aastat vana v\u00e4\u00e4rikat t\u00f6\u00f6looma Volvo L220E, kelle saadame auga v\u00e4ljateenitud vanaduspensionile.<\/p>\n","protected":false},"author":1,"featured_media":187,"comment_status":"closed","ping_status":"closed","sticky":false,"template":"","format":"standard","meta":{"_acf_changed":false,"inline_featured_image":false,"footnotes":""},"categories":[1],"class_list":["post-186","post","type-post","status-publish","format-standard","has-post-thumbnail","hentry","category-uudised"],"acf":[],"_links":{"self":[{"href":"https:\/\/kmg.ee\/katenditood\/wp-json\/wp\/v2\/posts\/186","targetHints":{"allow":["GET"]}}],"collection":[{"href":"https:\/\/kmg.ee\/katenditood\/wp-json\/wp\/v2\/posts"}],"about":[{"href":"https:\/\/kmg.ee\/katenditood\/wp-json\/wp\/v2\/types\/post"}],"author":[{"embeddable":true,"href":"https:\/\/kmg.ee\/katenditood\/wp-json\/wp\/v2\/users\/1"}],"replies":[{"embeddable":true,"href":"https:\/\/kmg.ee\/katenditood\/wp-json\/wp\/v2\/comments?post=186"}],"version-history":[{"count":9,"href":"https:\/\/kmg.ee\/katenditood\/wp-json\/wp\/v2\/posts\/186\/revisions"}],"predecessor-version":[{"id":219,"href":"https:\/\/kmg.ee\/katenditood\/wp-json\/wp\/v2\/posts\/186\/revisions\/219"}],"wp:featuredmedia":[{"embeddable":true,"href":"https:\/\/kmg.ee\/katenditood\/wp-json\/wp\/v2\/media\/187"}],"wp:attachment":[{"href":"https:\/\/kmg.ee\/katenditood\/wp-json\/wp\/v2\/media?parent=186"}],"wp:term":[{"taxonomy":"category","embeddable":true,"href":"https:\/\/kmg.ee\/katenditood\/wp-json\/wp\/v2\/categories?post=186"}],"curies":[{"name":"wp","href":"https:\/\/api.w.org\/{rel}","templated":true}]}}